{"id":247,"date":"2022-07-07T13:09:24","date_gmt":"2022-07-07T13:09:24","guid":{"rendered":"https:\/\/krantec.de\/?p=247"},"modified":"2023-07-14T11:15:53","modified_gmt":"2023-07-14T11:15:53","slug":"wie-lange-duerfen-rundschlingen-verwendet-werden","status":"publish","type":"post","link":"https:\/\/krantec.de\/?p=247","title":{"rendered":"Wie lange d\u00fcrfen Rundschlingen verwendet werden?"},"content":{"rendered":"\n<p class=\"wp-block-paragraph\"><em>Haben Hebeb\u00e4nder ein Ablaufdatum?<\/em><\/p>\n\n\n\n<p class=\"wp-block-paragraph\">Haltbarkeit \/ Ablegereife von Polyester Rundschlingen und Hebeb\u00e4ndern.<\/p>\n\n\n\n<p class=\"wp-block-paragraph\">Eine Haltbarkeit oder gar ein Ablaufdatum gibt es bei einer Rundschlinge aus Polyester oder einem Hebeband nicht.<\/p>\n\n\n\n<p class=\"wp-block-paragraph\">Allerdings wird in der DGUV Information 209-013 Eisen- und Metallbetrieben wegen des inneren Abriebs von Rundschlingen und Hebeb\u00e4ndern nach wie vor <em>empfohlen<\/em>, Hebeb\u00e4nder und Rundschlingen sp\u00e4testens sechs Jahre nach dem auf dem Etikett angegebenen Herstellungsdatum abzulegen.<\/p>\n\n\n\n<p class=\"wp-block-paragraph\"><em>Wie oft m\u00fcssen Rundschlingen gepr\u00fcft werden?<\/em><\/p>\n\n\n\n<p class=\"wp-block-paragraph\">Anschlagmittel aus Chemiefasern sind mindestens einmal j\u00e4hrlich durch einen Sachkundigen (bef\u00e4higte Person gem\u00e4\u00df \u00a7 10 BetrSichV) pr\u00fcfen zu lassen.<\/p>\n\n\n\n<p class=\"wp-block-paragraph\"><\/p>\n\n\n\n<blockquote class=\"wp-block-quote is-layout-flow wp-block-quote-is-layout-flow\">\n<p class=\"wp-block-paragraph\">Kontaktieren Sie uns unter:<\/p>\n\n\n\n<p class=\"wp-block-paragraph\">Telefon: 03574 46 46 23<\/p>\n\n\n\n<p class=\"wp-block-paragraph\">E-Mail: info(at)krantec.de<\/p>\n<\/blockquote>\n","protected":false},"excerpt":{"rendered":"<p>Haben Hebeb\u00e4nder ein Ablaufdatum? Haltbarkeit \/ Ablegereife von Polyester Rundschlingen und Hebeb\u00e4ndern. Eine Haltbarkeit oder gar ein Ablaufdatum gibt es bei einer Rundschlinge aus Polyester&#8230;<\/p>\n","protected":false},"author":2,"featured_media":0,"comment_status":"open","ping_status":"open","sticky":false,"template":"","format":"standard","meta":{"_crdt_document":"","footnotes":""},"categories":[10],"tags":[],"class_list":["post-247","post","type-post","status-publish","format-standard","hentry","category-news"],"yoast_head":"<!-- This site is optimized with the Yoast SEO plugin v27.4 - https:\/\/yoast.com\/product\/yoast-seo-wordpress\/ -->\n<title>Wie lange d\u00fcrfen Rundschlingen verwendet werden? - Krantec F\u00f6rderger\u00e4teservice GmbH<\/title>\n<meta name=\"robots\" content=\"index, follow, max-snippet:-1, max-image-preview:large, max-video-preview:-1\" \/>\n<link rel=\"canonical\" href=\"https:\/\/krantec.de\/?p=247\" \/>\n<meta property=\"og:locale\" content=\"de_DE\" \/>\n<meta property=\"og:type\" content=\"article\" \/>\n<meta property=\"og:title\" content=\"Wie lange d\u00fcrfen Rundschlingen verwendet werden? - Krantec F\u00f6rderger\u00e4teservice GmbH\" \/>\n<meta property=\"og:description\" content=\"Haben Hebeb\u00e4nder ein Ablaufdatum? Haltbarkeit \/ Ablegereife von Polyester Rundschlingen und Hebeb\u00e4ndern. Eine Haltbarkeit oder gar ein Ablaufdatum gibt es bei einer Rundschlinge aus Polyester...\" \/>\n<meta property=\"og:url\" content=\"https:\/\/krantec.de\/?p=247\" \/>\n<meta property=\"og:site_name\" content=\"Krantec F\u00f6rderger\u00e4teservice GmbH\" \/>\n<meta property=\"article:published_time\" content=\"2022-07-07T13:09:24+00:00\" \/>\n<meta property=\"article:modified_time\" content=\"2023-07-14T11:15:53+00:00\" \/>\n<meta name=\"author\" content=\"Krantec\" \/>\n<meta name=\"twitter:card\" content=\"summary_large_image\" \/>\n<meta name=\"twitter:label1\" content=\"Verfasst von\" \/>\n\t<meta name=\"twitter:data1\" content=\"Krantec\" \/>\n\t<meta name=\"twitter:label2\" content=\"Gesch\u00e4tzte Lesezeit\" \/>\n\t<meta name=\"twitter:data2\" content=\"1\u00a0Minute\" \/>\n<script type=\"application\/ld+json\" class=\"yoast-schema-graph\">{\"@context\":\"https:\\\/\\\/schema.org\",\"@graph\":[{\"@type\":\"Article\",\"@id\":\"https:\\\/\\\/krantec.de\\\/?p=247#article\",\"isPartOf\":{\"@id\":\"https:\\\/\\\/krantec.de\\\/?p=247\"},\"author\":{\"name\":\"Krantec\",\"@id\":\"https:\\\/\\\/krantec.de\\\/#\\\/schema\\\/person\\\/a29f2186730d0a6abec9e21bb4cd5760\"},\"headline\":\"Wie lange d\u00fcrfen Rundschlingen verwendet werden?\",\"datePublished\":\"2022-07-07T13:09:24+00:00\",\"dateModified\":\"2023-07-14T11:15:53+00:00\",\"mainEntityOfPage\":{\"@id\":\"https:\\\/\\\/krantec.de\\\/?p=247\"},\"wordCount\":114,\"commentCount\":0,\"publisher\":{\"@id\":\"https:\\\/\\\/krantec.de\\\/#organization\"},\"articleSection\":[\"News\"],\"inLanguage\":\"de\",\"potentialAction\":[{\"@type\":\"CommentAction\",\"name\":\"Comment\",\"target\":[\"https:\\\/\\\/krantec.de\\\/?p=247#respond\"]}]},{\"@type\":\"WebPage\",\"@id\":\"https:\\\/\\\/krantec.de\\\/?p=247\",\"url\":\"https:\\\/\\\/krantec.de\\\/?p=247\",\"name\":\"Wie lange d\u00fcrfen Rundschlingen verwendet werden? - Krantec F\u00f6rderger\u00e4teservice GmbH\",\"isPartOf\":{\"@id\":\"https:\\\/\\\/krantec.de\\\/#website\"},\"datePublished\":\"2022-07-07T13:09:24+00:00\",\"dateModified\":\"2023-07-14T11:15:53+00:00\",\"breadcrumb\":{\"@id\":\"https:\\\/\\\/krantec.de\\\/?p=247#breadcrumb\"},\"inLanguage\":\"de\",\"potentialAction\":[{\"@type\":\"ReadAction\",\"target\":[\"https:\\\/\\\/krantec.de\\\/?p=247\"]}]},{\"@type\":\"BreadcrumbList\",\"@id\":\"https:\\\/\\\/krantec.de\\\/?p=247#breadcrumb\",\"itemListElement\":[{\"@type\":\"ListItem\",\"position\":1,\"name\":\"Startseite\",\"item\":\"https:\\\/\\\/krantec.de\\\/\"},{\"@type\":\"ListItem\",\"position\":2,\"name\":\"Wie lange d\u00fcrfen Rundschlingen verwendet werden?\"}]},{\"@type\":\"WebSite\",\"@id\":\"https:\\\/\\\/krantec.de\\\/#website\",\"url\":\"https:\\\/\\\/krantec.de\\\/\",\"name\":\"Krantec F\u00f6rderger\u00e4teservice GmbH\",\"description\":\"Wir bewegen was.\",\"publisher\":{\"@id\":\"https:\\\/\\\/krantec.de\\\/#organization\"},\"potentialAction\":[{\"@type\":\"SearchAction\",\"target\":{\"@type\":\"EntryPoint\",\"urlTemplate\":\"https:\\\/\\\/krantec.de\\\/?s={search_term_string}\"},\"query-input\":{\"@type\":\"PropertyValueSpecification\",\"valueRequired\":true,\"valueName\":\"search_term_string\"}}],\"inLanguage\":\"de\"},{\"@type\":\"Organization\",\"@id\":\"https:\\\/\\\/krantec.de\\\/#organization\",\"name\":\"Krantec F\u00f6rderger\u00e4teservice GmbH\",\"url\":\"https:\\\/\\\/krantec.de\\\/\",\"logo\":{\"@type\":\"ImageObject\",\"inLanguage\":\"de\",\"@id\":\"https:\\\/\\\/krantec.de\\\/#\\\/schema\\\/logo\\\/image\\\/\",\"url\":\"https:\\\/\\\/krantec.de\\\/wp-content\\\/uploads\\\/2022\\\/02\\\/cropped-ktlogoHP.png\",\"contentUrl\":\"https:\\\/\\\/krantec.de\\\/wp-content\\\/uploads\\\/2022\\\/02\\\/cropped-ktlogoHP.png\",\"width\":479,\"height\":166,\"caption\":\"Krantec F\u00f6rderger\u00e4teservice GmbH\"},\"image\":{\"@id\":\"https:\\\/\\\/krantec.de\\\/#\\\/schema\\\/logo\\\/image\\\/\"}},{\"@type\":\"Person\",\"@id\":\"https:\\\/\\\/krantec.de\\\/#\\\/schema\\\/person\\\/a29f2186730d0a6abec9e21bb4cd5760\",\"name\":\"Krantec\",\"image\":{\"@type\":\"ImageObject\",\"inLanguage\":\"de\",\"@id\":\"https:\\\/\\\/secure.gravatar.com\\\/avatar\\\/98de8caa625df03deb3aa34539a9c2d0ee521ba767db7dd1f4d150f113ae356d?s=96&d=mm&r=g\",\"url\":\"https:\\\/\\\/secure.gravatar.com\\\/avatar\\\/98de8caa625df03deb3aa34539a9c2d0ee521ba767db7dd1f4d150f113ae356d?s=96&d=mm&r=g\",\"contentUrl\":\"https:\\\/\\\/secure.gravatar.com\\\/avatar\\\/98de8caa625df03deb3aa34539a9c2d0ee521ba767db7dd1f4d150f113ae356d?s=96&d=mm&r=g\",\"caption\":\"Krantec\"},\"sameAs\":[\"http:\\\/\\\/www.krantec.de\"],\"url\":\"https:\\\/\\\/krantec.de\\\/?author=2\"}]}<\/script>\n<!-- \/ Yoast SEO plugin. -->","yoast_head_json":{"title":"Wie lange d\u00fcrfen Rundschlingen verwendet werden? - Krantec F\u00f6rderger\u00e4teservice GmbH","robots":{"index":"index","follow":"follow","max-snippet":"max-snippet:-1","max-image-preview":"max-image-preview:large","max-video-preview":"max-video-preview:-1"},"canonical":"https:\/\/krantec.de\/?p=247","og_locale":"de_DE","og_type":"article","og_title":"Wie lange d\u00fcrfen Rundschlingen verwendet werden? - Krantec F\u00f6rderger\u00e4teservice GmbH","og_description":"Haben Hebeb\u00e4nder ein Ablaufdatum? Haltbarkeit \/ Ablegereife von Polyester Rundschlingen und Hebeb\u00e4ndern. Eine Haltbarkeit oder gar ein Ablaufdatum gibt es bei einer Rundschlinge aus Polyester...","og_url":"https:\/\/krantec.de\/?p=247","og_site_name":"Krantec F\u00f6rderger\u00e4teservice GmbH","article_published_time":"2022-07-07T13:09:24+00:00","article_modified_time":"2023-07-14T11:15:53+00:00","author":"Krantec","twitter_card":"summary_large_image","twitter_misc":{"Verfasst von":"Krantec","Gesch\u00e4tzte Lesezeit":"1\u00a0Minute"},"schema":{"@context":"https:\/\/schema.org","@graph":[{"@type":"Article","@id":"https:\/\/krantec.de\/?p=247#article","isPartOf":{"@id":"https:\/\/krantec.de\/?p=247"},"author":{"name":"Krantec","@id":"https:\/\/krantec.de\/#\/schema\/person\/a29f2186730d0a6abec9e21bb4cd5760"},"headline":"Wie lange d\u00fcrfen Rundschlingen verwendet werden?","datePublished":"2022-07-07T13:09:24+00:00","dateModified":"2023-07-14T11:15:53+00:00","mainEntityOfPage":{"@id":"https:\/\/krantec.de\/?p=247"},"wordCount":114,"commentCount":0,"publisher":{"@id":"https:\/\/krantec.de\/#organization"},"articleSection":["News"],"inLanguage":"de","potentialAction":[{"@type":"CommentAction","name":"Comment","target":["https:\/\/krantec.de\/?p=247#respond"]}]},{"@type":"WebPage","@id":"https:\/\/krantec.de\/?p=247","url":"https:\/\/krantec.de\/?p=247","name":"Wie lange d\u00fcrfen Rundschlingen verwendet werden? - Krantec F\u00f6rderger\u00e4teservice GmbH","isPartOf":{"@id":"https:\/\/krantec.de\/#website"},"datePublished":"2022-07-07T13:09:24+00:00","dateModified":"2023-07-14T11:15:53+00:00","breadcrumb":{"@id":"https:\/\/krantec.de\/?p=247#breadcrumb"},"inLanguage":"de","potentialAction":[{"@type":"ReadAction","target":["https:\/\/krantec.de\/?p=247"]}]},{"@type":"BreadcrumbList","@id":"https:\/\/krantec.de\/?p=247#breadcrumb","itemListElement":[{"@type":"ListItem","position":1,"name":"Startseite","item":"https:\/\/krantec.de\/"},{"@type":"ListItem","position":2,"name":"Wie lange d\u00fcrfen Rundschlingen verwendet werden?"}]},{"@type":"WebSite","@id":"https:\/\/krantec.de\/#website","url":"https:\/\/krantec.de\/","name":"Krantec F\u00f6rderger\u00e4teservice GmbH","description":"Wir bewegen was.","publisher":{"@id":"https:\/\/krantec.de\/#organization"},"potentialAction":[{"@type":"SearchAction","target":{"@type":"EntryPoint","urlTemplate":"https:\/\/krantec.de\/?s={search_term_string}"},"query-input":{"@type":"PropertyValueSpecification","valueRequired":true,"valueName":"search_term_string"}}],"inLanguage":"de"},{"@type":"Organization","@id":"https:\/\/krantec.de\/#organization","name":"Krantec F\u00f6rderger\u00e4teservice GmbH","url":"https:\/\/krantec.de\/","logo":{"@type":"ImageObject","inLanguage":"de","@id":"https:\/\/krantec.de\/#\/schema\/logo\/image\/","url":"https:\/\/krantec.de\/wp-content\/uploads\/2022\/02\/cropped-ktlogoHP.png","contentUrl":"https:\/\/krantec.de\/wp-content\/uploads\/2022\/02\/cropped-ktlogoHP.png","width":479,"height":166,"caption":"Krantec F\u00f6rderger\u00e4teservice GmbH"},"image":{"@id":"https:\/\/krantec.de\/#\/schema\/logo\/image\/"}},{"@type":"Person","@id":"https:\/\/krantec.de\/#\/schema\/person\/a29f2186730d0a6abec9e21bb4cd5760","name":"Krantec","image":{"@type":"ImageObject","inLanguage":"de","@id":"https:\/\/secure.gravatar.com\/avatar\/98de8caa625df03deb3aa34539a9c2d0ee521ba767db7dd1f4d150f113ae356d?s=96&d=mm&r=g","url":"https:\/\/secure.gravatar.com\/avatar\/98de8caa625df03deb3aa34539a9c2d0ee521ba767db7dd1f4d150f113ae356d?s=96&d=mm&r=g","contentUrl":"https:\/\/secure.gravatar.com\/avatar\/98de8caa625df03deb3aa34539a9c2d0ee521ba767db7dd1f4d150f113ae356d?s=96&d=mm&r=g","caption":"Krantec"},"sameAs":["http:\/\/www.krantec.de"],"url":"https:\/\/krantec.de\/?author=2"}]}},"_links":{"self":[{"href":"https:\/\/krantec.de\/index.php?rest_route=\/wp\/v2\/posts\/247","targetHints":{"allow":["GET"]}}],"collection":[{"href":"https:\/\/krantec.de\/index.php?rest_route=\/wp\/v2\/posts"}],"about":[{"href":"https:\/\/krantec.de\/index.php?rest_route=\/wp\/v2\/types\/post"}],"author":[{"embeddable":true,"href":"https:\/\/krantec.de\/index.php?rest_route=\/wp\/v2\/users\/2"}],"replies":[{"embeddable":true,"href":"https:\/\/krantec.de\/index.php?rest_route=%2Fwp%2Fv2%2Fcomments&post=247"}],"version-history":[{"count":2,"href":"https:\/\/krantec.de\/index.php?rest_route=\/wp\/v2\/posts\/247\/revisions"}],"predecessor-version":[{"id":281,"href":"https:\/\/krantec.de\/index.php?rest_route=\/wp\/v2\/posts\/247\/revisions\/281"}],"wp:attachment":[{"href":"https:\/\/krantec.de\/index.php?rest_route=%2Fwp%2Fv2%2Fmedia&parent=247"}],"wp:term":[{"taxonomy":"category","embeddable":true,"href":"https:\/\/krantec.de\/index.php?rest_route=%2Fwp%2Fv2%2Fcategories&post=247"},{"taxonomy":"post_tag","embeddable":true,"href":"https:\/\/krantec.de\/index.php?rest_route=%2Fwp%2Fv2%2Ftags&post=247"}],"curies":[{"name":"wp","href":"https:\/\/api.w.org\/{rel}","templated":true}]}}